{"id":679,"date":"2019-12-12T09:05:12","date_gmt":"2019-12-12T09:05:12","guid":{"rendered":"http:\/\/blogs.culturamas.es\/victorfcorreas\/?p=679"},"modified":"2019-12-12T09:10:46","modified_gmt":"2019-12-12T09:10:46","slug":"el-asalto-y-asedio-de-maarrat-al-numan","status":"publish","type":"post","link":"https:\/\/blogs.culturamas.es\/victorfcorreas\/2019\/12\/12\/el-asalto-y-asedio-de-maarrat-al-numan\/","title":{"rendered":"El asalto y asedio de Ma\u2019arrat al Numan"},"content":{"rendered":"\n<p>Que barbaridades ha habido, hay y las habr\u00e1 todos los d\u00edas, es de caj\u00f3n. De aqu\u00ed a Lima, vamos. Por eso llaman tanto la atenci\u00f3n. Atraen. Molan. A tanto el muerto, y si es por kilos, mucho mejor. Pues eso, que tal que hoy hace cosa de 921 a\u00f1os hubo una de esas barbaridades a las que somos tan dados. Todo tiene relaci\u00f3n con la Primera Cruzada. S\u00ed, las curvas que vienen a continuaci\u00f3n son peligrosas, as\u00ed que toca agarrarse. Y la efem\u00e9rides de hoy es de las m\u00e1s infames, ya lo advierto.<\/p>\n\n\n\n<p>Situemos la acci\u00f3n: Si record\u00e1is,\nel Papa Urbano II se subi\u00f3 a un p\u00falpito en Clermont all\u00e1 por 1095 y le solt\u00f3 a\nla pe\u00f1a que le escuchaba en ese momento \u2014mucha pe\u00f1a, y m\u00e1s caliente que el palo\nde un churrero\u2014 aquello de \u201cDios lo quiere\u201d. O sea, ca\u00f1a al infiel, que es de\ngoma y est\u00e1 ocupando Tierra Santa. Y a eso se lanzaron por miles cristianos de\ntoda condici\u00f3n respaldados por toda suerte de promesas, unas terrenales y otras\nno tanto, con el fin de arrancar la tierra en la que pen\u00f3 y muri\u00f3 Jesucristo de\nlas manos infieles. <\/p>\n\n\n\n<p>El objetivo era Jerusal\u00e9n, y por\nel camino, por eso de ir afilando cuchillos, espadas o lo que se tuviera a mano,\nlos cruzados se dedicaron a dejar su recuerdo. Tal d\u00eda como el de hoy de 1098, insisto,\nle toc\u00f3 el turno a Ma\u2019arrat al Numan, en la actual Siria, ante cuyas murallas\nse presentaron los cruzados. Y ya sab\u00e9is c\u00f3mo funciona esto: ciudad amurallada,\nriquezas en su interior, j\u00f3venes y j\u00f3venas a las que pasar por la piedra y\nabuelos y ni\u00f1os a los que degollar. Eso si no se paga rescate, que siempre hab\u00eda\nexigencia por parte de los sitiadores para dejar a la pe\u00f1a de la ciudad en paz\ny a otra cosa, mariposa; gente que, en el caso de aquella ciudad, se encontraba\nrelativamente tranquila por eso de estar rodeada la ciudad de fuertes y recias\nmurallas. <\/p>\n\n\n\n<p>Vale, y a todo lo anterior\npongamos el invierno como animal de compa\u00f1\u00eda. Que se acercaba, vamos. Y ten\u00eda\nuna pinta que ni en Teruel lo han conocido nunca. Ah\u00ed dejo el dato. Total, que\nla tropa que se plant\u00f3 ante las murallas de Ma\u2019arrat al Numan se disputaba los\ndesperdicios con los perros. Con eso est\u00e1 todo dicho. As\u00ed que asediaron la ciudad\ncomo est\u00e1 mandado y los musulmanes se rindieron. La vida siempre por delante.\nEl acuerdo implicaba respetar sus vidas, pero entonces dio comienzo a uno de los\nespect\u00e1culos m\u00e1s denigrantes de nuestro paso por este planeta llamado Tierra:\nlos soldados entraron a saco en la ciudad, y durante unos pocos d\u00edas aquello\nfue una org\u00eda de sangre y muerte; cuerpos, los de los musulmanes, que muchos de\nlos soldados cruzados se despacharon para el buche. Y ya se sabe, que buche\ncontento\u2026<\/p>\n\n\n\n<p>S\u00ed, ni\u00f1os y ni\u00f1as, canibalismo\npuro y duro. Hasta 20.000 civiles fueron asesinados, y los cad\u00e1veres de muchos\nde aquellos civiles fueron cocinados y devorados por tan fam\u00e9lica legi\u00f3n. Un\ncruzado, Radulfo de Caen, mand\u00f3 una misiva al Papa de Roma para decirle que \u00aben\nMa\u2019aarra, nuestras tropas herv\u00edan adultos paganos vivos en ollas\u00bb. Y por si con\nesta frase no hab\u00e9is tenido bastante, ojo al extracto de la cr\u00f3nica de Fulcher\nde Chartres: \u00abMuchos de nuestros soldados, acosados por la locura del hambre\nexcesivo, cortaron pedazos de los cuerpos de los sarracenos ya muertos all\u00ed,\nque cocinaban, pero cuando todav\u00eda no estaban asados lo suficiente por el\nfuego, los devoraron con boca salvaje \u00bb. <\/p>\n\n\n\n<p>Lo que se llamaba hambre. Lo que\nse llama locura. Lo que se llam\u00f3 Primera Cruzada.<\/p>\n\n\n\n<p>Y es lo que os ten\u00eda que contar\nhoy &#x1f60a;<\/p>\n","protected":false},"excerpt":{"rendered":"<p>Que barbaridades ha habido, hay y las habr\u00e1 todos los d\u00edas, es de caj\u00f3n. De aqu\u00ed a Lima, vamos. Por eso llaman tanto la atenci\u00f3n. Atraen. Molan. A tanto el muerto, y si es por kilos, mucho mejor. Pues eso, que tal que hoy hace cosa de 921 a\u00f1os hubo una de esas barbaridades a<\/p>\n<p><a href=\"https:\/\/blogs.culturamas.es\/victorfcorreas\/2019\/12\/12\/el-asalto-y-asedio-de-maarrat-al-numan\/\">Leer el resto&#8230;<\/a><\/p>\n","protected":false},"author":10,"featured_media":0,"comment_status":"open","ping_status":"open","sticky":false,"template":"","format":"standard","meta":{"_monsterinsights_skip_tracking":false,"_monsterinsights_sitenote_active":false,"_monsterinsights_sitenote_note":"","_monsterinsights_sitenote_category":0,"jetpack_post_was_ever_published":false,"_jetpack_newsletter_access":"","_jetpack_dont_email_post_to_subs":false,"_jetpack_newsletter_tier_id":0,"_jetpack_memberships_contains_paywalled_content":false,"_jetpack_memberships_contains_paid_content":false,"footnotes":"","jetpack_publicize_message":"","jetpack_publicize_feature_enabled":true,"jetpack_social_post_already_shared":true,"jetpack_social_options":{"image_generator_settings":{"template":"highway","enabled":false},"version":2}},"categories":[1],"tags":[262,260,261],"class_list":["post-679","post","type-post","status-publish","format-standard","hentry","category-todosmisposts","tag-jerusalen","tag-maarrat-al-numan","tag-primera-cruzada"],"jetpack_publicize_connections":[],"jetpack_featured_media_url":"","jetpack_shortlink":"https:\/\/wp.me\/p2Wqj5-aX","jetpack_sharing_enabled":true,"jetpack-related-posts":[],"jetpack_likes_enabled":true,"_links":{"self":[{"href":"https:\/\/blogs.culturamas.es\/victorfcorreas\/wp-json\/wp\/v2\/posts\/679","targetHints":{"allow":["GET"]}}],"collection":[{"href":"https:\/\/blogs.culturamas.es\/victorfcorreas\/wp-json\/wp\/v2\/posts"}],"about":[{"href":"https:\/\/blogs.culturamas.es\/victorfcorreas\/wp-json\/wp\/v2\/types\/post"}],"author":[{"embeddable":true,"href":"https:\/\/blogs.culturamas.es\/victorfcorreas\/wp-json\/wp\/v2\/users\/10"}],"replies":[{"embeddable":true,"href":"https:\/\/blogs.culturamas.es\/victorfcorreas\/wp-json\/wp\/v2\/comments?post=679"}],"version-history":[{"count":2,"href":"https:\/\/blogs.culturamas.es\/victorfcorreas\/wp-json\/wp\/v2\/posts\/679\/revisions"}],"predecessor-version":[{"id":681,"href":"https:\/\/blogs.culturamas.es\/victorfcorreas\/wp-json\/wp\/v2\/posts\/679\/revisions\/681"}],"wp:attachment":[{"href":"https:\/\/blogs.culturamas.es\/victorfcorreas\/wp-json\/wp\/v2\/media?parent=679"}],"wp:term":[{"taxonomy":"category","embeddable":true,"href":"https:\/\/blogs.culturamas.es\/victorfcorreas\/wp-json\/wp\/v2\/categories?post=679"},{"taxonomy":"post_tag","embeddable":true,"href":"https:\/\/blogs.culturamas.es\/victorfcorreas\/wp-json\/wp\/v2\/tags?post=679"}],"curies":[{"name":"wp","href":"https:\/\/api.w.org\/{rel}","templated":true}]}}