{"id":80,"date":"2013-12-12T23:26:46","date_gmt":"2013-12-12T23:26:46","guid":{"rendered":"http:\/\/blogs.culturamas.es\/luciaberruga\/?p=80"},"modified":"2013-12-12T23:26:46","modified_gmt":"2013-12-12T23:26:46","slug":"santa-lucia-o-la-fiesta-de-la-luz","status":"publish","type":"post","link":"https:\/\/blogs.culturamas.es\/luciaberruga\/2013\/12\/12\/santa-lucia-o-la-fiesta-de-la-luz\/","title":{"rendered":"SANTA LUC\u00cdA O LA FIESTA DE LA LUZ"},"content":{"rendered":"<p style=\"text-align: center\"><strong>\u00ab<em>Es mejor encender una vela que maldecir a la oscuridad<\/em>\u00bb Confucio<\/strong><\/p>\n<p>Hoy es 13 de diciembre y curiosamente coincide este a\u00f1o con un viernes 13, un d\u00eda que para algunos implica un d\u00eda de mala suerte, mientras que para otros, en especial para mis tocayas el d\u00eda 13, caiga en el d\u00eda de la semana que caiga, es un d\u00eda bonito porque, qu\u00e9 narices, tenemos un nombre bonito. El caso es que hoy ya \u00a0es 13 de diciembre, Santa Luc\u00eda, la patrona de los ciegos, la santa de la luz, y \u00a0su llegada cada una lo celebra como quiere: comiendo con la familia, felicitando a sus tocayas, tom\u00e1ndose un desayuno especial o, simplemente, pas\u00e1ndolo como si fuese un d\u00eda m\u00e1s del calendario.<\/p>\n<p>En costumbres y tradiciones cada persona es un mundo, en m\u00ed caso, sinceramente, me gusta mi santo porque cuando iba al colegio yo no celebraba mis cumplea\u00f1os debido a que caen en agosto y no hab\u00eda nadie con qui\u00e9n celebrarlo a parte de la familia, y a d\u00eda de hoy lo seguimos celebrando. Para m\u00ed es un d\u00eda especial, me gusta mi nombre y me parece muy importante la presencia de la luz en nuestras vidas, el tenerla presente incluso en los d\u00edas m\u00e1s oscuros\u2026 para m\u00ed mi santo es un d\u00eda de descanso en los d\u00edas del invierno, donde no importa que haga fr\u00edo o que no haya sol, porque es el d\u00eda de la luz.<\/p>\n<p><a href=\"http:\/\/blogs.culturamas.es\/luciaberruga\/files\/2013\/12\/Navidades-en-la-plaza-Gustav-Adolf-s-en-Malm\u00f6.-Image-Bank-Sweden.se_.-Foto.-Malm\u00f6-Tourism.jpg\"><img loading=\"lazy\" decoding=\"async\" class=\"alignright size-medium wp-image-84\" alt=\"Navidades en la plaza Gustav Adolf s en Malm\u00f6. Image Bank Sweden.se. Foto. Malm\u00f6 Tourism\" src=\"http:\/\/blogs.culturamas.es\/luciaberruga\/files\/2013\/12\/Navidades-en-la-plaza-Gustav-Adolf-s-en-Malm\u00f6.-Image-Bank-Sweden.se_.-Foto.-Malm\u00f6-Tourism-295x300.jpg\" width=\"295\" height=\"300\" srcset=\"https:\/\/blogs.culturamas.es\/luciaberruga\/files\/2013\/12\/Navidades-en-la-plaza-Gustav-Adolf-s-en-Malm\u00f6.-Image-Bank-Sweden.se_.-Foto.-Malm\u00f6-Tourism-295x300.jpg 295w, https:\/\/blogs.culturamas.es\/luciaberruga\/files\/2013\/12\/Navidades-en-la-plaza-Gustav-Adolf-s-en-Malm\u00f6.-Image-Bank-Sweden.se_.-Foto.-Malm\u00f6-Tourism.jpg 400w\" sizes=\"auto, (max-width: 295px) 100vw, 295px\" \/><\/a>Un poco cursi, lo s\u00e9, pero el caso es que mi inquietud por saber un poco m\u00e1s acerca de este d\u00eda, que tan importante es para m\u00ed desde ni\u00f1a, me hizo investigar un poco y me encontr\u00e9 con la llamada Fiesta de la Luz, realizada en toda Suecia, un ejemplo de la importancia que tiene este d\u00eda para algunos. De esta forma s\u00f3lo aquellos que tengan al suerte de hallarse en esta fecha en cualquiera de los rincones del bonito pa\u00eds escandinavo podr\u00e1n presenciar esta escena tradicional que celebra el solsticio de invierno: el d\u00eda m\u00e1s corto y la noche m\u00e1s larga del a\u00f1o, para la cual la Fiesta de Santa Luc\u00eda se hace alumbrando la oscuridad que envuelve Suecia desde todos sus pueblos y ciudades.<\/p>\n<p>Esta fiesta se materializa en cientos de velas que llenan todos los rincones creando una escena m\u00e1gica, de cuento\u2026 una atm\u00f3sfera que arropa a todos los que participan de ella, y que van de la mano (o mejor dicho de la cabeza) de las muchachas llamadas Luc\u00eda que encabezan las procesiones portando con coronas de velas y siendo seguidos por sus damas de honor y los ni\u00f1os estrella. Seg\u00fan la tradici\u00f3n la Luc\u00eda principal (aquella que porta sobre su cabeza una corona de velas engarzada a una diadema y va vestida con una t\u00fanica larga y blanca, ce\u00f1ida a la cintura por un faj\u00edn rojo) lidera a todos los dem\u00e1s participantes en esta ceremonia.<\/p>\n<p><a href=\"http:\/\/blogs.culturamas.es\/luciaberruga\/files\/2013\/12\/navidadsuecia3.jpg\"><img loading=\"lazy\" decoding=\"async\" class=\"alignleft size-medium wp-image-85\" alt=\"navidadsuecia3\" src=\"http:\/\/blogs.culturamas.es\/luciaberruga\/files\/2013\/12\/navidadsuecia3-300x300.jpg\" width=\"300\" height=\"300\" srcset=\"https:\/\/blogs.culturamas.es\/luciaberruga\/files\/2013\/12\/navidadsuecia3-300x300.jpg 300w, https:\/\/blogs.culturamas.es\/luciaberruga\/files\/2013\/12\/navidadsuecia3-150x150.jpg 150w, https:\/\/blogs.culturamas.es\/luciaberruga\/files\/2013\/12\/navidadsuecia3.jpg 400w\" sizes=\"auto, (max-width: 300px) 100vw, 300px\" \/><\/a>Las damas de honor portar\u00e1n una vela entre las manos mientras que la Luc\u00eda las llevar\u00e1 unidas en actitud de rezo y los ni\u00f1os estrella ir\u00e1n adem\u00e1s vestidos con capirotes adornados con estrellas doradas (de ah\u00ed su nombre), y ya por \u00faltimo los m\u00e1s peque\u00f1os, vestidos de duendes\u2026 todos van en procesi\u00f3n y, mientras avanzan llen\u00e1ndolo todo de luz, van cantado villancicos y canticos populares suecos que rompen el silencio y la oscuridad de la noche.<\/p>\n<p>Est\u00e1 claro que ni el invierno ni la llegada de la Navidad ser\u00edan lo mismo sin esta ceremonia que los suecos han sabido convertir en todo una exposici\u00f3n de delicadeza y belleza y que recorre las escuelas, los hospitales, las residencias de ancianos y los numerosos centros de trabajo del pa\u00eds, convirti\u00e9ndose tambi\u00e9n en una fiesta enfocada y dedicada a un bien social.<\/p>\n<p>Otro de los detalles de esta ceremonia es que las muchachas reparten a su paso galletas de jengibre o pepparkakor y los bollos de Luc\u00eda o lussekatter, unos dulces de harina de trigo condimentada con azafr\u00e1n, a los que se da forma con espirales y se decora con dos pasas.<\/p>\n<p><a href=\"http:\/\/blogs.culturamas.es\/luciaberruga\/files\/2013\/12\/lussebullar.jpg\"><img loading=\"lazy\" decoding=\"async\" class=\"aligncenter size-medium wp-image-83\" alt=\"lussebullar\" src=\"http:\/\/blogs.culturamas.es\/luciaberruga\/files\/2013\/12\/lussebullar-300x121.jpg\" width=\"300\" height=\"121\" srcset=\"https:\/\/blogs.culturamas.es\/luciaberruga\/files\/2013\/12\/lussebullar-300x121.jpg 300w, https:\/\/blogs.culturamas.es\/luciaberruga\/files\/2013\/12\/lussebullar.jpg 420w\" sizes=\"auto, (max-width: 300px) 100vw, 300px\" \/><\/a><\/p>\n<p>Cada pueblo y ciudad sueca elige a su propia Luc\u00eda, aunque tambi\u00e9n hay una Luc\u00eda nacional que sale por televisi\u00f3n, una especie de concurso de belleza, lo m\u00e1s similar a este tipo de competiciones dadas en un pa\u00eds no muy amigo de ellas. Lo que pretende el nombramiento \u00a0es que este proceso sea m\u00e1s democr\u00e1tico y abierto, que termina en el d\u00eda 13, cuando se desvela a la ganadora total y se la lleva en una carroza tirada por caballos, muy bien iluminada, para ir extendiendo la luz a su paso.<\/p>\n<p><a href=\"http:\/\/blogs.culturamas.es\/luciaberruga\/files\/2013\/12\/carroza.jpg\"><img loading=\"lazy\" decoding=\"async\" class=\"size-medium wp-image-82 alignright\" alt=\"carroza\" src=\"http:\/\/blogs.culturamas.es\/luciaberruga\/files\/2013\/12\/carroza-300x225.jpg\" width=\"300\" height=\"225\" srcset=\"https:\/\/blogs.culturamas.es\/luciaberruga\/files\/2013\/12\/carroza-300x225.jpg 300w, https:\/\/blogs.culturamas.es\/luciaberruga\/files\/2013\/12\/carroza.jpg 400w\" sizes=\"auto, (max-width: 300px) 100vw, 300px\" \/><\/a>Una bonita tradici\u00f3n que sin duda deja su huella, muy luminosa por cierto, en todos los que lo llevan a cabo y en los afortunados que pueden contemplarlo. Una forma ideal para iniciar los festejos navide\u00f1os y todas sus celebraciones repletas de luz que iluminan las casas y los barrios de las ciudades; esta celebraci\u00f3n para ellos es la llegada de la luz, la luz ante la noche m\u00e1s larga que dar\u00e1 paso a d\u00edas m\u00e1s brillantes y luminosos, pues con ella empieza la cuenta atr\u00e1s de la oscuridad, y la despiden llen\u00e1ndola de luz.<\/p>\n<p>Sin duda es una de las ceremonias m\u00e1s centrales en la cultura sueca, con una clara vinculaci\u00f3n a su forma de vida, donde la luz, la oscuridad, el fr\u00edo y el calor marcan una constante en su d\u00eda a d\u00eda. Algo \u00fanico que se repite todos los a\u00f1os y que, al menos una vez en la vida, habr\u00eda que ir a contemplar en persona; no me cabe duda de que debe de ser una experiencia m\u00e1gica.<\/p>\n<p>&nbsp;<\/p>\n<p>* Todas las im\u00e1genes de este post han sido obtenidas de las fuentes de im\u00e1genes de Internet<\/p>\n<p>Luc\u00eda Berruga S\u00e1nchez <a href=\"http:\/\/sobrevolandolacultura.blogspot.com.es\/\">http:\/\/sobrevolandolacultura.blogspot.com.es\/<\/a><\/p>\n<p>&nbsp;<\/p>\n","protected":false},"excerpt":{"rendered":"<p>\u00abEs mejor encender una vela que maldecir a la oscuridad\u00bb Confucio Hoy es 13 de diciembre y curiosamente coincide este a\u00f1o con un viernes 13, un d\u00eda que para algunos implica un d\u00eda de mala suerte, mientras que para otros, en especial para mis tocayas el d\u00eda 13, caiga en el d\u00eda de la semana<\/p>\n<p><a href=\"https:\/\/blogs.culturamas.es\/luciaberruga\/2013\/12\/12\/santa-lucia-o-la-fiesta-de-la-luz\/\">Leer m\u00e1s\u2026<\/a><\/p>\n","protected":false},"author":56,"featured_media":81,"comment_status":"open","ping_status":"open","sticky":false,"template":"","format":"standard","meta":{"_monsterinsights_skip_tracking":false,"_monsterinsights_sitenote_active":false,"_monsterinsights_sitenote_note":"","_monsterinsights_sitenote_category":0,"jetpack_post_was_ever_published":false,"_jetpack_newsletter_access":"","_jetpack_dont_email_post_to_subs":false,"_jetpack_newsletter_tier_id":0,"_jetpack_memberships_contains_paywalled_content":false,"_jetpack_memberships_contains_paid_content":false,"footnotes":"","jetpack_publicize_message":"","jetpack_publicize_feature_enabled":true,"jetpack_social_post_already_shared":true,"jetpack_social_options":{"image_generator_settings":{"template":"highway","enabled":false},"version":2}},"categories":[1],"tags":[56,57,58,59,60,61,62,63,64,65],"class_list":["post-80","post","type-post","status-publish","format-standard","has-post-thumbnail","hentry","category-mas-entradas","tag-13-de-diciembre","tag-celebraciones","tag-dulces","tag-fiesta-de-la-luz","tag-lussekatter","tag-navidad","tag-pepparkakor","tag-santa-lucia","tag-solsticio-de-invierno","tag-suecia"],"jetpack_publicize_connections":[],"jetpack_featured_media_url":"https:\/\/blogs.culturamas.es\/luciaberruga\/files\/2013\/12\/Velas.jpg","jetpack_shortlink":"https:\/\/wp.me\/p3Yaeo-1i","jetpack_sharing_enabled":true,"_links":{"self":[{"href":"https:\/\/blogs.culturamas.es\/luciaberruga\/wp-json\/wp\/v2\/posts\/80","targetHints":{"allow":["GET"]}}],"collection":[{"href":"https:\/\/blogs.culturamas.es\/luciaberruga\/wp-json\/wp\/v2\/posts"}],"about":[{"href":"https:\/\/blogs.culturamas.es\/luciaberruga\/wp-json\/wp\/v2\/types\/post"}],"author":[{"embeddable":true,"href":"https:\/\/blogs.culturamas.es\/luciaberruga\/wp-json\/wp\/v2\/users\/56"}],"replies":[{"embeddable":true,"href":"https:\/\/blogs.culturamas.es\/luciaberruga\/wp-json\/wp\/v2\/comments?post=80"}],"version-history":[{"count":3,"href":"https:\/\/blogs.culturamas.es\/luciaberruga\/wp-json\/wp\/v2\/posts\/80\/revisions"}],"predecessor-version":[{"id":105,"href":"https:\/\/blogs.culturamas.es\/luciaberruga\/wp-json\/wp\/v2\/posts\/80\/revisions\/105"}],"wp:featuredmedia":[{"embeddable":true,"href":"https:\/\/blogs.culturamas.es\/luciaberruga\/wp-json\/wp\/v2\/media\/81"}],"wp:attachment":[{"href":"https:\/\/blogs.culturamas.es\/luciaberruga\/wp-json\/wp\/v2\/media?parent=80"}],"wp:term":[{"taxonomy":"category","embeddable":true,"href":"https:\/\/blogs.culturamas.es\/luciaberruga\/wp-json\/wp\/v2\/categories?post=80"},{"taxonomy":"post_tag","embeddable":true,"href":"https:\/\/blogs.culturamas.es\/luciaberruga\/wp-json\/wp\/v2\/tags?post=80"}],"curies":[{"name":"wp","href":"https:\/\/api.w.org\/{rel}","templated":true}]}}