{"id":2084,"date":"2024-10-27T17:32:37","date_gmt":"2024-10-27T16:32:37","guid":{"rendered":"https:\/\/blogs.culturamas.es\/juanluismarin\/?p=2084"},"modified":"2024-10-27T17:32:37","modified_gmt":"2024-10-27T16:32:37","slug":"reivindicando-el-cine-de-los-80-12-el-crack","status":"publish","type":"post","link":"https:\/\/blogs.culturamas.es\/juanluismarin\/2024\/10\/27\/reivindicando-el-cine-de-los-80-12-el-crack\/","title":{"rendered":"REIVINDICANDO EL CINE DE LOS 80 (12): EL CRACK"},"content":{"rendered":"<p>\u00bfOs imagin\u00e1is a <strong>Alfredo Landa<\/strong> interpretando a un <strong>rudo detective<\/strong> que investiga el caso de la desaparici\u00f3n de una chica en el Madrid de los 80? El que fuera figura de una \u00e9poca llamada \u201clandismo\u201d con sus comedias, por aquella \u00e9poca, los 60 y 70, en que con t\u00edtulos como <strong>Cateto a babor<\/strong> (1970) se met\u00eda en la piel del por entonces llamado \u201cmacho ib\u00e9rico\u201d para desatar risas y hablar de un t\u00f3pico tan patrio como la tortilla de patatas\u2026 S\u00ed, \u00e9se. Que en <strong>EL CRACK<\/strong> (1981) dirigida por <strong>Jos\u00e9 Luis Garci , el primer espa\u00f1ol en ganar el \u00d3scar (Volver a empezar, <\/strong>1982), cambi\u00f3 de registro para interpretar a un expolic\u00eda, Germ\u00e1n Arrieta, alias \u201cel piojo\u201d, en <strong>un thriller de armas tomar<\/strong>, <strong>una joya de nuestro cine en una d\u00e9cada dominada por los dramas y las comedietas<\/strong>, sin un \u00e1pice de originalidad y que abri\u00f3 un camino que no explot\u00f3 hasta los 90 con gente como <strong>Agust\u00edn D\u00edaz Yanes<\/strong> (Nadie hablar\u00e1 de nosotras cuando hayamos muerto (1995), <strong>\u00a0Juanma Bajo Ulloa<\/strong> (La madre muerta, 1993) o <strong>Alex de la Iglesia<\/strong> (El d\u00eda de la bestia, 1995) y que termin\u00f3 por reventar, afortunadamente, en los 2.000 con gente como <strong>Alberto Rodr\u00edguez<\/strong> (La isla m\u00ednima, 2014), <strong>Rodrigo Sorogoyen<\/strong> (Que Dios nos perdone, 2016) o <strong>Enrique Urbizu<\/strong> (No habr\u00e1 paz para los malvados, 2011). S\u00ed eran los 80 y Garci demostraba que <strong>en este pa\u00eds se pod\u00eda hacer bien cine de g\u00e9nero noir y que un actor de comedia espa\u00f1ol pod\u00eda con un sobresaliente cruzarse al \u00ablado oscuro\u00bb<\/strong> antes de que otros al otro lado del charco, Carey, Sandler, Wiliams&#8230;, tuvieran oportunidad de demostrarlo.<\/p>\n<p><strong>EL CRACK es un rara avis<\/strong> en ese cine espa\u00f1ol ochentero, <strong>cine negro con MAY\u00daSCULAS<\/strong>, donde Alfredo Landa cambia de registro en <strong>una clase magistral de interpretaci\u00f3n y reinvenci\u00f3n de s\u00ed mismo como actor<\/strong>, un detective duro, triste, amargado y arropado por unos secundarios de lujo (<strong>Miguel Rell\u00e1n, Manuel Tejada, Jos\u00e9 B\u00f3dalo<\/strong>) en que su vida profesional, la investigaci\u00f3n de la desaparici\u00f3n de la chica, y la personal, su romance con Carmen (Mar\u00eda Casanova) una madre soltera, <strong>colisionar\u00e1n en una misma v\u00eda como dos trenes de mercanc\u00edas a toda m\u00e1quina.<\/strong><\/p>\n<p><strong>Los bajos fondos de Madrid de los ochenta, las ca\u00f1as, el tabaco y el vinacho, los tugurios, el boxeo y la corrupci\u00f3n se dan de la mano en una pel\u00edcula imprescindible<\/strong> para los amantes del g\u00e9nero en la que Alfredo Landa, repito, da una lecci\u00f3n de lo que es ser actor, de lo que es salirse de los clich\u00e9s que la industria le impuso y donde demuestra que es un artista como la copa de un pino y echamos much\u00edsimo menos.<\/p>\n","protected":false},"excerpt":{"rendered":"<p>\u00bfOs imagin\u00e1is a Alfredo Landa interpretando a un rudo detective que investiga el caso de la desaparici\u00f3n de una chica en el Madrid de los 80? El que fuera figura de una \u00e9poca llamada \u201clandismo\u201d con sus comedias, por aquella \u00e9poca, los 60 y 70, en que con t\u00edtulos como Cateto a babor (1970) se<\/p>\n<p><a href=\"https:\/\/blogs.culturamas.es\/juanluismarin\/2024\/10\/27\/reivindicando-el-cine-de-los-80-12-el-crack\/\">Sigue leyendo&#8230;<\/a><\/p>\n","protected":false},"author":16,"featured_media":2085,"comment_status":"open","ping_status":"open","sticky":false,"template":"","format":"standard","meta":{"_monsterinsights_skip_tracking":false,"_monsterinsights_sitenote_active":false,"_monsterinsights_sitenote_note":"","_monsterinsights_sitenote_category":0,"jetpack_post_was_ever_published":false,"_jetpack_newsletter_access":"","_jetpack_dont_email_post_to_subs":false,"_jetpack_newsletter_tier_id":0,"_jetpack_memberships_contains_paywalled_content":false,"_jetpack_memberships_contains_paid_content":false,"footnotes":"","jetpack_publicize_message":"","jetpack_publicize_feature_enabled":true,"jetpack_social_post_already_shared":true,"jetpack_social_options":{"image_generator_settings":{"template":"highway","enabled":false},"version":2}},"categories":[1],"tags":[342],"class_list":["post-2084","post","type-post","status-publish","format-standard","has-post-thumbnail","hentry","category-entradas-anteriores","tag-el-creack-jose-luis-garci-noir-alfredo-landa"],"jetpack_publicize_connections":[],"jetpack_featured_media_url":"https:\/\/blogs.culturamas.es\/juanluismarin\/files\/2024\/10\/el-crack.jpg","jetpack_shortlink":"https:\/\/wp.me\/p2Z2MM-xC","jetpack_sharing_enabled":true,"jetpack-related-posts":[],"_links":{"self":[{"href":"https:\/\/blogs.culturamas.es\/juanluismarin\/wp-json\/wp\/v2\/posts\/2084","targetHints":{"allow":["GET"]}}],"collection":[{"href":"https:\/\/blogs.culturamas.es\/juanluismarin\/wp-json\/wp\/v2\/posts"}],"about":[{"href":"https:\/\/blogs.culturamas.es\/juanluismarin\/wp-json\/wp\/v2\/types\/post"}],"author":[{"embeddable":true,"href":"https:\/\/blogs.culturamas.es\/juanluismarin\/wp-json\/wp\/v2\/users\/16"}],"replies":[{"embeddable":true,"href":"https:\/\/blogs.culturamas.es\/juanluismarin\/wp-json\/wp\/v2\/comments?post=2084"}],"version-history":[{"count":2,"href":"https:\/\/blogs.culturamas.es\/juanluismarin\/wp-json\/wp\/v2\/posts\/2084\/revisions"}],"predecessor-version":[{"id":2087,"href":"https:\/\/blogs.culturamas.es\/juanluismarin\/wp-json\/wp\/v2\/posts\/2084\/revisions\/2087"}],"wp:featuredmedia":[{"embeddable":true,"href":"https:\/\/blogs.culturamas.es\/juanluismarin\/wp-json\/wp\/v2\/media\/2085"}],"wp:attachment":[{"href":"https:\/\/blogs.culturamas.es\/juanluismarin\/wp-json\/wp\/v2\/media?parent=2084"}],"wp:term":[{"taxonomy":"category","embeddable":true,"href":"https:\/\/blogs.culturamas.es\/juanluismarin\/wp-json\/wp\/v2\/categories?post=2084"},{"taxonomy":"post_tag","embeddable":true,"href":"https:\/\/blogs.culturamas.es\/juanluismarin\/wp-json\/wp\/v2\/tags?post=2084"}],"curies":[{"name":"wp","href":"https:\/\/api.w.org\/{rel}","templated":true}]}}